[{"@context":"https:\/\/schema.org\/","@type":"Article","@id":"https:\/\/www.julienne.cz\/pronajem-osobniho-vozu\/#Article","mainEntityOfPage":"https:\/\/www.julienne.cz\/pronajem-osobniho-vozu\/","headline":"Pron\u00e1jem osobn\u00edho vozu","name":"Pron\u00e1jem osobn\u00edho vozu","description":"Zn\u00e1 to snad ka\u017ed\u00fd z n\u00e1s, kdo tr\u00e1v\u00ed na silnic\u00edch velkou \u010d\u00e1st sv\u00e9ho \u010dasu. Chyst\u00e1te se n\u011bkam vycestovat, \u010di jet za klientem a p\u0159i nastartov\u00e1n\u00ed&hellip;","datePublished":"2022-03-24","dateModified":"2023-05-05","author":{"@type":"Person","@id":"https:\/\/www.julienne.cz\/author\/#Person","name":"julienne.cz","url":"https:\/\/www.julienne.cz\/author\/","identifier":1,"image":{"@type":"ImageObject","@id":"https:\/\/secure.gravatar.com\/avatar\/eaa8d03c255e1a749937a03afe319562d500ac9ddac78a88a8e436c8d21c5e47?s=96&d=mm&r=g","url":"https:\/\/secure.gravatar.com\/avatar\/eaa8d03c255e1a749937a03afe319562d500ac9ddac78a88a8e436c8d21c5e47?s=96&d=mm&r=g","height":96,"width":96}},"publisher":{"@type":"Organization","name":"julienne.cz","logo":{"@type":"ImageObject","@id":"\/logo.png","url":"\/logo.png","width":600,"height":60}},"image":{"@type":"ImageObject","@id":"https:\/\/www.julienne.cz\/wp-content\/uploads\/navigation-ga9a913798_1920.jpg","url":"https:\/\/www.julienne.cz\/wp-content\/uploads\/navigation-ga9a913798_1920.jpg","height":0,"width":0},"url":"https:\/\/www.julienne.cz\/pronajem-osobniho-vozu\/","about":["Slu\u017eby"],"wordCount":414,"articleBody":"      Zn\u00e1 to snad ka\u017ed\u00fd z n\u00e1s, kdo tr\u00e1v\u00ed na silnic\u00edch velkou \u010d\u00e1st sv\u00e9ho \u010dasu. Chyst\u00e1te se n\u011bkam vycestovat, \u010di jet za klientem a p\u0159i nastartov\u00e1n\u00ed automobilu zjist\u00edte, \u017ee je porouchan\u00fd. V takov\u00e9m p\u0159\u00edpad\u011b si \u010dlov\u011bk \u0159\u00edk\u00e1, pro\u010d zrovna on m\u00e1 takovou sm\u016flu. Ov\u0161em nemus\u00edte v\u011b\u0161et hlavu, nejste to jenom vy, ale je to i spousta dal\u0161\u00edch lid\u00ed, kte\u0159\u00ed maj\u00ed probl\u00e9my se sv\u00fdm vozem. I proto vznikla spole\u010dnost autop\u016fj\u010dovna Praha, kter\u00e1 V\u00e1m je schopn\u00e1 zajist\u00ed rychl\u00fd a spolehliv\u00fd pron\u00e1jem osobn\u00edho vozu.Ka\u017ed\u00fd z n\u00e1s je p\u0159i poru\u0161e vozu cel\u00fd na nervy, a to nejen proto, \u017ee v\u016fz nejede, ale tak\u00e9 z d\u016fvodu toho, kolik bude zase cel\u00e1 oprava st\u00e1t. Nav\u00edc mus\u00edte sp\u00edchat a do toho \u0159e\u0161it servis, \u010di p\u0159\u00edmo odtah vozu do servisu. V takov\u00e9m p\u0159\u00edpad\u011b ihned kontaktujte firmu, kter\u00e1 pronaj\u00edm\u00e1 vozy a zkuste se domluvit na p\u0159istaven\u00ed vozu p\u0159\u00edmo na m\u00edst\u011b, kde se nach\u00e1z\u00edte. Firma p\u0159istavuje vozy po Praze zdarma a tak\u00e9 na leti\u0161t\u011b V\u00e1clava Havla. Nav\u00edc budete moct zaplatit kartou a nebudete muset tahat zbyte\u010dn\u011b hotovost.Tato autop\u016fj\u010dovna m\u00e1 za sebou dlouh\u00e9 roky praxe a sv\u016fj vozov\u00fd park dopl\u0148uje st\u00e1le o nov\u00e9 vozy. Mimo osobn\u00edch automobil\u016f si zde m\u016f\u017eete zap\u016fj\u010dit i minibusy, a to za velice p\u0159\u00edjemn\u00e9 ceny. Vybrat si m\u016f\u017eete z mnoha voz\u016f, a to nejr\u016fzn\u011bj\u0161\u00edch t\u0159\u00edd a vybaven\u00ed. Osobn\u00ed vozy jsou zna\u010dky \u0160koda a u ka\u017ed\u00e9ho vozu je napsan\u00fd pron\u00e1jem dan\u00e9ho automobilu. Tak\u00e9 zde najdete podrobn\u011b vypsanou v\u00fdbavu automobilu, a to v\u010detn\u011b n\u00e1hledov\u00fdch obr\u00e1zk\u016f. V cen\u011b pron\u00e1jmu, V\u00e1m tato spole\u010dnost nab\u00eddne zap\u016fj\u010den\u00ed d\u011btsk\u00e9 seda\u010dky a nemus\u00edte j\u00ed tak slo\u017eit\u011b p\u0159ed\u011bl\u00e1vat z Va\u0161eho vozu. D\u00e1le maj\u00ed vozy z\u00e1konn\u00e9 a havarijn\u00ed poji\u0161t\u011bn\u00ed a jsou chr\u00e1n\u011bny z\u00e1mkem \u0159ad\u00edc\u00ed p\u00e1ky a tak\u00e9 imobiliz\u00e9rem.Jestli\u017ee V\u00e1s tedy zastihne porucha vozu a nutn\u011b pot\u0159ebujete n\u011bkam odjet, tak s\u00e1hn\u011bte po pron\u00e1jmu. Nejen, \u017ee budete m\u00edt rychlou n\u00e1hradu, ale tak\u00e9 za velice n\u00edzk\u00e9 ceny, kter\u00e9 se vyplat\u00ed.                                                                                                                                                                                                                                                                                                                                                                                          4.2\/5 - (8 votes)        "},{"@context":"https:\/\/schema.org\/","@type":"BreadcrumbList","itemListElement":[{"@type":"ListItem","position":1,"name":"Pron\u00e1jem osobn\u00edho vozu","item":"https:\/\/www.julienne.cz\/pronajem-osobniho-vozu\/#breadcrumbitem"}]}]